[{"@context":"https:\/\/schema.org\/","@type":"Article","@id":"https:\/\/www.impulsiv-umkirch.de\/wen-spricht-die-tricolour-bewegung-an-und-hat-diese-politische-partei-eine-zukunft\/#Article","mainEntityOfPage":"https:\/\/www.impulsiv-umkirch.de\/wen-spricht-die-tricolour-bewegung-an-und-hat-diese-politische-partei-eine-zukunft\/","headline":"Wen spricht die Tricolour-Bewegung an und hat diese politische Partei eine Zukunft?","name":"Wen spricht die Tricolour-Bewegung an und hat diese politische Partei eine Zukunft?","description":"Im Jahr 2019 wurde unter der F\u00fchrung der &#8222;ODS-Rebellen&#8220; V\u00e1clav Klaus Jr. und Zuzana Majerov\u00e1 Zahradn\u011bkov\u00e1die neue konservative und patriotische W\u00e4hler Trikolora-Bewegung gegr\u00fcndet. Es ist sicher kein Zufall, dass diese <a class=\"more-link\" href=\"https:\/\/www.impulsiv-umkirch.de\/wen-spricht-die-tricolour-bewegung-an-und-hat-diese-politische-partei-eine-zukunft\/\">[ . . . ]<\/a>","datePublished":"2021-09-19","dateModified":"2021-09-19","author":{"@type":"Person","@id":"https:\/\/www.impulsiv-umkirch.de\/author\/#Person","name":"","url":"https:\/\/www.impulsiv-umkirch.de\/author\/","identifier":1,"image":{"@type":"ImageObject","@id":"https:\/\/secure.gravatar.com\/avatar\/4b051168bd2ace843d503d3432ebc4a96ac13303845197b3f2a2634cb21029f6?s=96&d=mm&r=g","url":"https:\/\/secure.gravatar.com\/avatar\/4b051168bd2ace843d503d3432ebc4a96ac13303845197b3f2a2634cb21029f6?s=96&d=mm&r=g","height":96,"width":96}},"publisher":{"@type":"Organization","name":"impulsiv-umkirch.de","logo":{"@type":"ImageObject","@id":"\/logo.png","url":"\/logo.png","width":600,"height":60}},"image":{"@type":"ImageObject","@id":"https:\/\/www.impulsiv-umkirch.de\/wp-content\/uploads\/img_a355036_w3772_t1569487303.png","url":"https:\/\/www.impulsiv-umkirch.de\/wp-content\/uploads\/img_a355036_w3772_t1569487303.png","height":0,"width":0},"url":"https:\/\/www.impulsiv-umkirch.de\/wen-spricht-die-tricolour-bewegung-an-und-hat-diese-politische-partei-eine-zukunft\/","about":["Politik"],"wordCount":367,"articleBody":"Im Jahr 2019 wurde unter der F\u00fchrung der &#8222;ODS-Rebellen&#8220; V\u00e1clav Klaus Jr. und Zuzana Majerov\u00e1 Zahradn\u011bkov\u00e1die neue konservative und patriotische W\u00e4hler Trikolora-Bewegung gegr\u00fcndet. Es ist sicher kein Zufall, dass diese Partei aus einem Fl\u00fcgel der ODS hervorgegangen ist. Denn in der traditionellen ODS haben sich die Konservativen schon lange formiert. Allerdings mag es f\u00fcr einige \u00fcberraschend gewesen sein, dass die beiden oben genannten die einzigen waren, die die ODS verlie\u00dfen. Nach der Gr\u00fcndung der neuen konservativen und nationalistischen Bewegung stellt sich jedoch die Frage. Wird es diesen beiden allein gelingen, die W\u00e4hler anzusprechen und ihr eigenes Programm durchzusetzen?Gerade im Bereich der konservativen Meinung klafft seit einiger Zeit eine L\u00fccke auf dem politischen Markt. In mancher Hinsicht kann die Trikolore der SPD leicht \u00e4hneln, aber weil die SPD &#8222;extremere&#8220; Ansichten vertritt und regionaler ist, ist sie f\u00fcr viele W\u00e4hler nachteilig und wird oft bel\u00e4chelt. SPD-W\u00e4hler oder zumindest Sympathisanten k\u00f6nnen sich daher von der Trikolore abwenden. Eine weitere Partei, von der Tricolore W\u00e4hler abwerben k\u00f6nnte, ist die bereits erw\u00e4hnte ODS. V\u00e1clav Klaus jr. hat eine gro\u00dfe Zahl von Vorzugsstimmen f\u00fcr die ODS gewonnen, und es ist anzunehmen, dass er diese W\u00e4hler von der ODS f\u00fcr seine neue Bewegung abziehen wird.Die gr\u00f6\u00dfte Quelle von W\u00e4hlern w\u00e4ren die W\u00e4hler, dieim Allgemeinen die Ansichten des derzeitigen Pr\u00e4sidenten Milo\u0161 Zemanteilen. Zur Erinnerung: Milo\u0161 Zeman erhielt bei der zweiten Pr\u00e4sidentschaftswahl 2,85 Millionen Stimmen. Darunter befand sich auch eine gro\u00dfe Anzahl von ANO-W\u00e4hlern, und Tricolore kann sicherlich ein paar Prozent der Stimmen absch\u00f6pfen.Immerhin hat die Partei ein loses Meinungsloch gefunden und wird von einem sehr starken Politiker, V\u00e1clav Klaus jr. angef\u00fchrt. Dies verleiht der Partei ein gro\u00dfes Potenzial, und wenn die Kampagne erfolgreich gef\u00fchrt wird, k\u00f6nnte die Partei bei den Unterhauswahlen 10 % der Stimmen erhalten. Die Partei hat die Chance, bei den Unterhauswahlen die Schwelleeiner Wahlbeteiligung von mehr als 10 %zu erreichen. Der Weg dorthin ist jedoch noch lang und h\u00e4ngt davon ab, dass wichtige Mitglieder der Bewegung ihr Potenzial aussch\u00f6pfen k\u00f6nnen.                                                                                                                                                                                                                                                                                                                                                                                        3.7\/5 - (6 votes)        "},{"@context":"https:\/\/schema.org\/","@type":"BreadcrumbList","itemListElement":[{"@type":"ListItem","position":1,"name":"Wen spricht die Tricolour-Bewegung an und hat diese politische Partei eine Zukunft?","item":"https:\/\/www.impulsiv-umkirch.de\/wen-spricht-die-tricolour-bewegung-an-und-hat-diese-politische-partei-eine-zukunft\/#breadcrumbitem"}]}]