[{"@context":"https:\/\/schema.org\/","@type":"Article","@id":"https:\/\/www.impulsiv-umkirch.de\/setzen-sie-sommererinnerungen-in-eine-vase\/#Article","mainEntityOfPage":"https:\/\/www.impulsiv-umkirch.de\/setzen-sie-sommererinnerungen-in-eine-vase\/","headline":"Setzen Sie Sommererinnerungen in eine Vase","name":"Setzen Sie Sommererinnerungen in eine Vase","description":"[31] [32] [33] [34] [35] [36] [37 Wenn Sie noch nostalgisch sind und sich im Winter an den Sommer erinnern m\u00f6chten, dann ist dieser Strau\u00df perfekt f\u00fcr Sie. Um dich <a class=\"more-link\" href=\"https:\/\/www.impulsiv-umkirch.de\/setzen-sie-sommererinnerungen-in-eine-vase\/\">[ . . . ]<\/a>","datePublished":"2023-03-31","dateModified":"2023-03-31","author":{"@type":"Person","@id":"https:\/\/www.impulsiv-umkirch.de\/author\/#Person","name":"","url":"https:\/\/www.impulsiv-umkirch.de\/author\/","identifier":1,"image":{"@type":"ImageObject","@id":"https:\/\/secure.gravatar.com\/avatar\/4b051168bd2ace843d503d3432ebc4a96ac13303845197b3f2a2634cb21029f6?s=96&d=mm&r=g","url":"https:\/\/secure.gravatar.com\/avatar\/4b051168bd2ace843d503d3432ebc4a96ac13303845197b3f2a2634cb21029f6?s=96&d=mm&r=g","height":96,"width":96}},"publisher":{"@type":"Organization","name":"impulsiv-umkirch.de","logo":{"@type":"ImageObject","@id":"\/logo.png","url":"\/logo.png","width":600,"height":60}},"image":{"@type":"ImageObject","@id":"https:\/\/www.impulsiv-umkirch.de\/wp-content\/uploads\/img_a352762_w3571_t1567238527.jpg","url":"https:\/\/www.impulsiv-umkirch.de\/wp-content\/uploads\/img_a352762_w3571_t1567238527.jpg","height":0,"width":0},"url":"https:\/\/www.impulsiv-umkirch.de\/setzen-sie-sommererinnerungen-in-eine-vase\/","about":["Wohnung"],"wordCount":334,"articleBody":"  [31] [32] [33] [34] [35] [36] [37 Wenn Sie noch nostalgisch sind und sich im Winter an den Sommer erinnern m\u00f6chten, dann ist dieser Strau\u00df perfekt f\u00fcr Sie. Um dich gl\u00fccklicher zu machen, trockne die Blumen selbst. Sie k\u00f6nnen nach einer romantischen Wiesenblume greifen oder nach dem, was der Garten Ihnen bietet. Manchmal vervollst\u00e4ndigen scheinbar gew\u00f6hnliche Wiesenblumen, vielleicht sogar ein wenig Unkraut, den interessanten Gesamteindruck. Um lange Freude an Blumen zu haben, beachten Sie beim Trocknen einige wichtige Regeln.  1.\u00a0\u00a0\u00a0 Schneiden Sie die Pflanzen mit einer Schere ab und ziehen Sie sie nicht mit Wurzeln heraus. Versuche sie nicht zu sehr zu verderben.2.\u00a0\u00a0\u00a0 W\u00e4hlen Sie einen geeigneten Ort zum Trocknen der Pflanze. Ideal ist die Temperatur zwischen 20 und 25 Grad.3.\u00a0\u00a0\u00a0 W\u00e4hlen Sie f\u00fcr Orte zum Trocknen einen trockenen und dunklen, damit die Blume ihre urspr\u00fcngliche Farbe beh\u00e4lt. Ideal ist, dass es vertikal nach unten trocknet und zu kleinen B\u00fcndeln zusammengebunden wird.Einige Blumen erfordern jedoch eine bestimmte Trocknungsmethode. Zum Beispiel gro\u00dfe Bl\u00fctenhortensien, Kornblumen, Pfingstrosen, Oxalate usw. Wir h\u00e4ngen diese Blumen nicht senkrecht auf, sondern trocknen sie im Gegenteil langsam in einer Vase mit einem Minimum an Wasser. Ein Niveau von 1 Zentimeter reicht aus. Einige Pflanzen verlieren w\u00e4hrend der Verarbeitung ihre urspr\u00fcngliche Farbe.In diesem Fall kannst du es mit Kieselgel trocknen oder Maismehl probieren. Kieselgel ist der beste Helfer bei der Verarbeitung von Blumen mit zarten Bl\u00fctenbl\u00e4ttern. Es ist nicht einfach, mit diesem Gel zu arbeiten. Gie\u00dfen Sie am Boden des Beh\u00e4lters eine Masse von etwa 4 cm. Legen Sie die Blumen in die Masse und schlie\u00dfen Sie sie sorgf\u00e4ltig ein. Zwei bis drei Tage trocknen lassen. Wenn Sie getrocknete Blumen mit Strohhalmen kombinieren, k\u00f6nnen Sie einen interessanten nat\u00fcrlichen Kranz herstellen. Unter den Blumen, die das Trockenweben besonders machen, gibt es Blumen aus Cernuca oder gelbem Rainfarn. Als Bonus erhalten Sie Samen von Brombeerbl\u00fcten, die als Gew\u00fcrz in der K\u00fcche verwendet werden k\u00f6nnen.                                                                                                                                                                                                                                                                                                                                                                                        4.4\/5 - (7 votes)        "},{"@context":"https:\/\/schema.org\/","@type":"BreadcrumbList","itemListElement":[{"@type":"ListItem","position":1,"name":"Setzen Sie Sommererinnerungen in eine Vase","item":"https:\/\/www.impulsiv-umkirch.de\/setzen-sie-sommererinnerungen-in-eine-vase\/#breadcrumbitem"}]}]