{"@context":"https:\/\/schema.org\/","@type":"CollectionPage","@id":"https:\/\/www.impulsiv-umkirch.de\/lebensstil\/#CollectionPage","headline":"Lebensstil Category","description":"","url":"https:\/\/www.impulsiv-umkirch.de\/lebensstil\/","hasPart":[{"@type":"Article","@id":"https:\/\/www.impulsiv-umkirch.de\/wie-kann-man-die-alkoholabhangigkeit-uberwinden\/","headline":"Wie kann man die Alkoholabh\u00e4ngigkeit \u00fcberwinden?","url":"https:\/\/www.impulsiv-umkirch.de\/wie-kann-man-die-alkoholabhangigkeit-uberwinden\/","datePublished":"2024-06-11","dateModified":"2024-06-11","mainEntityOfPage":"https:\/\/www.impulsiv-umkirch.de\/wie-kann-man-die-alkoholabhangigkeit-uberwinden\/","author":{"@type":"Person","@id":"https:\/\/www.impulsiv-umkirch.de\/author\/#Person","name":"","url":"https:\/\/www.impulsiv-umkirch.de\/author\/","identifier":1,"image":{"@type":"ImageObject","@id":"https:\/\/secure.gravatar.com\/avatar\/4b051168bd2ace843d503d3432ebc4a96ac13303845197b3f2a2634cb21029f6?s=96&d=mm&r=g","url":"https:\/\/secure.gravatar.com\/avatar\/4b051168bd2ace843d503d3432ebc4a96ac13303845197b3f2a2634cb21029f6?s=96&d=mm&r=g","height":96,"width":96}},"publisher":{"@type":"Organization","name":"impulsiv-umkirch.de","logo":{"@type":"ImageObject","@id":"\/logo.png","url":"\/logo.png","width":600,"height":60}},"image":{"@type":"ImageObject","@id":"https:\/\/www.impulsiv-umkirch.de\/wp-content\/uploads\/pivo_5CK9dg.jpg","url":"https:\/\/www.impulsiv-umkirch.de\/wp-content\/uploads\/pivo_5CK9dg.jpg","height":0,"width":0},"keywords":null},{"@type":"Article","@id":"https:\/\/www.impulsiv-umkirch.de\/vorteile-des-grunen-tees\/","headline":"Vorteile des gr\u00fcnen Tees","url":"https:\/\/www.impulsiv-umkirch.de\/vorteile-des-grunen-tees\/","datePublished":"2023-11-07","dateModified":"2023-11-07","mainEntityOfPage":"https:\/\/www.impulsiv-umkirch.de\/vorteile-des-grunen-tees\/","author":{"@type":"Person","@id":"https:\/\/www.impulsiv-umkirch.de\/author\/#Person","name":"","url":"https:\/\/www.impulsiv-umkirch.de\/author\/","identifier":1,"image":{"@type":"ImageObject","@id":"https:\/\/secure.gravatar.com\/avatar\/4b051168bd2ace843d503d3432ebc4a96ac13303845197b3f2a2634cb21029f6?s=96&d=mm&r=g","url":"https:\/\/secure.gravatar.com\/avatar\/4b051168bd2ace843d503d3432ebc4a96ac13303845197b3f2a2634cb21029f6?s=96&d=mm&r=g","height":96,"width":96}},"publisher":{"@type":"Organization","name":"impulsiv-umkirch.de","logo":{"@type":"ImageObject","@id":"\/logo.png","url":"\/logo.png","width":600,"height":60}},"image":{"@type":"ImageObject","@id":"https:\/\/www.impulsiv-umkirch.de\/wp-content\/uploads\/img_a354489_w3745_t1568991260.jpg","url":"https:\/\/www.impulsiv-umkirch.de\/wp-content\/uploads\/img_a354489_w3745_t1568991260.jpg","height":0,"width":0},"keywords":null},{"@type":"Article","@id":"https:\/\/www.impulsiv-umkirch.de\/modernitat-ist-nichtrauchen\/","headline":"Modernit\u00e4t ist Nichtrauchen&#8230;?","url":"https:\/\/www.impulsiv-umkirch.de\/modernitat-ist-nichtrauchen\/","datePublished":"2023-09-21","dateModified":"2023-09-21","mainEntityOfPage":"https:\/\/www.impulsiv-umkirch.de\/modernitat-ist-nichtrauchen\/","author":{"@type":"Person","@id":"https:\/\/www.impulsiv-umkirch.de\/author\/#Person","name":"","url":"https:\/\/www.impulsiv-umkirch.de\/author\/","identifier":1,"image":{"@type":"ImageObject","@id":"https:\/\/secure.gravatar.com\/avatar\/4b051168bd2ace843d503d3432ebc4a96ac13303845197b3f2a2634cb21029f6?s=96&d=mm&r=g","url":"https:\/\/secure.gravatar.com\/avatar\/4b051168bd2ace843d503d3432ebc4a96ac13303845197b3f2a2634cb21029f6?s=96&d=mm&r=g","height":96,"width":96}},"publisher":{"@type":"Organization","name":"impulsiv-umkirch.de","logo":{"@type":"ImageObject","@id":"\/logo.png","url":"\/logo.png","width":600,"height":60}},"image":{"@type":"ImageObject","@id":"https:\/\/www.impulsiv-umkirch.de\/wp-content\/uploads\/relax%20s%20pivem%20u%20televize_gmSwae.jpg","url":"https:\/\/www.impulsiv-umkirch.de\/wp-content\/uploads\/relax%20s%20pivem%20u%20televize_gmSwae.jpg","height":0,"width":0},"keywords":null},{"@type":"Article","@id":"https:\/\/www.impulsiv-umkirch.de\/neodkladejte-reseni-nespokojeneho-vztahu-auf-der-anderen-seite-von-priste\/","headline":"Neodkl\u00e1dejte \u0159e\u0161en\u00ed nespokojen\u00e9ho vztahu auf der anderen Seite von p\u0159\u00ed\u0161t\u011b&#8230;","url":"https:\/\/www.impulsiv-umkirch.de\/neodkladejte-reseni-nespokojeneho-vztahu-auf-der-anderen-seite-von-priste\/","datePublished":"2023-08-12","dateModified":"2023-08-12","mainEntityOfPage":"https:\/\/www.impulsiv-umkirch.de\/neodkladejte-reseni-nespokojeneho-vztahu-auf-der-anderen-seite-von-priste\/","author":{"@type":"Person","@id":"https:\/\/www.impulsiv-umkirch.de\/author\/#Person","name":"","url":"https:\/\/www.impulsiv-umkirch.de\/author\/","identifier":1,"image":{"@type":"ImageObject","@id":"https:\/\/secure.gravatar.com\/avatar\/4b051168bd2ace843d503d3432ebc4a96ac13303845197b3f2a2634cb21029f6?s=96&d=mm&r=g","url":"https:\/\/secure.gravatar.com\/avatar\/4b051168bd2ace843d503d3432ebc4a96ac13303845197b3f2a2634cb21029f6?s=96&d=mm&r=g","height":96,"width":96}},"publisher":{"@type":"Organization","name":"impulsiv-umkirch.de","logo":{"@type":"ImageObject","@id":"\/logo.png","url":"\/logo.png","width":600,"height":60}},"image":{"@type":"ImageObject","@id":"https:\/\/www.impulsiv-umkirch.de\/wp-content\/uploads\/img_a374799_w3566_t1586429769.jpg","url":"https:\/\/www.impulsiv-umkirch.de\/wp-content\/uploads\/img_a374799_w3566_t1586429769.jpg","height":0,"width":0},"keywords":null},{"@type":"Article","@id":"https:\/\/www.impulsiv-umkirch.de\/meditation-als-schlussel-zu-einem-besseren-leben\/","headline":"Meditation als Schl\u00fcssel zu einem besseren Leben","url":"https:\/\/www.impulsiv-umkirch.de\/meditation-als-schlussel-zu-einem-besseren-leben\/","datePublished":"2023-03-23","dateModified":"2023-03-23","mainEntityOfPage":"https:\/\/www.impulsiv-umkirch.de\/meditation-als-schlussel-zu-einem-besseren-leben\/","author":{"@type":"Person","@id":"https:\/\/www.impulsiv-umkirch.de\/author\/#Person","name":"","url":"https:\/\/www.impulsiv-umkirch.de\/author\/","identifier":1,"image":{"@type":"ImageObject","@id":"https:\/\/secure.gravatar.com\/avatar\/4b051168bd2ace843d503d3432ebc4a96ac13303845197b3f2a2634cb21029f6?s=96&d=mm&r=g","url":"https:\/\/secure.gravatar.com\/avatar\/4b051168bd2ace843d503d3432ebc4a96ac13303845197b3f2a2634cb21029f6?s=96&d=mm&r=g","height":96,"width":96}},"publisher":{"@type":"Organization","name":"impulsiv-umkirch.de","logo":{"@type":"ImageObject","@id":"\/logo.png","url":"\/logo.png","width":600,"height":60}},"image":{"@type":"ImageObject","@id":"https:\/\/www.impulsiv-umkirch.de\/wp-content\/uploads\/girl-4981766_640_1.jpg","url":"https:\/\/www.impulsiv-umkirch.de\/wp-content\/uploads\/girl-4981766_640_1.jpg","height":0,"width":0},"keywords":null},{"@type":"Article","@id":"https:\/\/www.impulsiv-umkirch.de\/die-menschen-und-ihre-herangehensweise-an-das-leben\/","headline":"Die Menschen und ihre Herangehensweise an das Leben","url":"https:\/\/www.impulsiv-umkirch.de\/die-menschen-und-ihre-herangehensweise-an-das-leben\/","datePublished":"2023-02-17","dateModified":"2023-02-17","mainEntityOfPage":"https:\/\/www.impulsiv-umkirch.de\/die-menschen-und-ihre-herangehensweise-an-das-leben\/","author":{"@type":"Person","@id":"https:\/\/www.impulsiv-umkirch.de\/author\/#Person","name":"","url":"https:\/\/www.impulsiv-umkirch.de\/author\/","identifier":1,"image":{"@type":"ImageObject","@id":"https:\/\/secure.gravatar.com\/avatar\/4b051168bd2ace843d503d3432ebc4a96ac13303845197b3f2a2634cb21029f6?s=96&d=mm&r=g","url":"https:\/\/secure.gravatar.com\/avatar\/4b051168bd2ace843d503d3432ebc4a96ac13303845197b3f2a2634cb21029f6?s=96&d=mm&r=g","height":96,"width":96}},"publisher":{"@type":"Organization","name":"impulsiv-umkirch.de","logo":{"@type":"ImageObject","@id":"\/logo.png","url":"\/logo.png","width":600,"height":60}},"image":{"@type":"ImageObject","@id":"https:\/\/www.impulsiv-umkirch.de\/wp-content\/uploads\/%C5%BEena%20v%20depresi.JPG","url":"https:\/\/www.impulsiv-umkirch.de\/wp-content\/uploads\/%C5%BEena%20v%20depresi.JPG","height":0,"width":0},"keywords":null},{"@type":"Article","@id":"https:\/\/www.impulsiv-umkirch.de\/iss-fur-ein-leichtes-leben-ganz-nach-deinem-geschmack\/","headline":"Iss f\u00fcr ein leichtes Leben ganz nach deinem Geschmack","url":"https:\/\/www.impulsiv-umkirch.de\/iss-fur-ein-leichtes-leben-ganz-nach-deinem-geschmack\/","datePublished":"2023-02-10","dateModified":"2023-02-10","mainEntityOfPage":"https:\/\/www.impulsiv-umkirch.de\/iss-fur-ein-leichtes-leben-ganz-nach-deinem-geschmack\/","author":{"@type":"Person","@id":"https:\/\/www.impulsiv-umkirch.de\/author\/#Person","name":"","url":"https:\/\/www.impulsiv-umkirch.de\/author\/","identifier":1,"image":{"@type":"ImageObject","@id":"https:\/\/secure.gravatar.com\/avatar\/4b051168bd2ace843d503d3432ebc4a96ac13303845197b3f2a2634cb21029f6?s=96&d=mm&r=g","url":"https:\/\/secure.gravatar.com\/avatar\/4b051168bd2ace843d503d3432ebc4a96ac13303845197b3f2a2634cb21029f6?s=96&d=mm&r=g","height":96,"width":96}},"publisher":{"@type":"Organization","name":"impulsiv-umkirch.de","logo":{"@type":"ImageObject","@id":"\/logo.png","url":"\/logo.png","width":600,"height":60}},"image":{"@type":"ImageObject","@id":"https:\/\/www.impulsiv-umkirch.de\/wp-content\/uploads\/img_a360901_w3912_t1574503606.jpg","url":"https:\/\/www.impulsiv-umkirch.de\/wp-content\/uploads\/img_a360901_w3912_t1574503606.jpg","height":0,"width":0},"keywords":null},{"@type":"Article","@id":"https:\/\/www.impulsiv-umkirch.de\/minimalismus-im-taglichen-leben\/","headline":"Minimalismus im t\u00e4glichen Leben","url":"https:\/\/www.impulsiv-umkirch.de\/minimalismus-im-taglichen-leben\/","datePublished":"2022-12-20","dateModified":"2022-12-20","mainEntityOfPage":"https:\/\/www.impulsiv-umkirch.de\/minimalismus-im-taglichen-leben\/","author":{"@type":"Person","@id":"https:\/\/www.impulsiv-umkirch.de\/author\/#Person","name":"","url":"https:\/\/www.impulsiv-umkirch.de\/author\/","identifier":1,"image":{"@type":"ImageObject","@id":"https:\/\/secure.gravatar.com\/avatar\/4b051168bd2ace843d503d3432ebc4a96ac13303845197b3f2a2634cb21029f6?s=96&d=mm&r=g","url":"https:\/\/secure.gravatar.com\/avatar\/4b051168bd2ace843d503d3432ebc4a96ac13303845197b3f2a2634cb21029f6?s=96&d=mm&r=g","height":96,"width":96}},"publisher":{"@type":"Organization","name":"impulsiv-umkirch.de","logo":{"@type":"ImageObject","@id":"\/logo.png","url":"\/logo.png","width":600,"height":60}},"image":{"@type":"ImageObject","@id":"https:\/\/www.impulsiv-umkirch.de\/wp-content\/uploads\/img_a366682_w4257_t1579353322.jpg","url":"https:\/\/www.impulsiv-umkirch.de\/wp-content\/uploads\/img_a366682_w4257_t1579353322.jpg","height":0,"width":0},"keywords":null},{"@type":"Article","@id":"https:\/\/www.impulsiv-umkirch.de\/ab-und-zu-wird-die-stimmung-schlechter\/","headline":"Ab und zu wird die Stimmung schlechter","url":"https:\/\/www.impulsiv-umkirch.de\/ab-und-zu-wird-die-stimmung-schlechter\/","datePublished":"2022-10-09","dateModified":"2022-10-09","mainEntityOfPage":"https:\/\/www.impulsiv-umkirch.de\/ab-und-zu-wird-die-stimmung-schlechter\/","author":{"@type":"Person","@id":"https:\/\/www.impulsiv-umkirch.de\/author\/#Person","name":"","url":"https:\/\/www.impulsiv-umkirch.de\/author\/","identifier":1,"image":{"@type":"ImageObject","@id":"https:\/\/secure.gravatar.com\/avatar\/4b051168bd2ace843d503d3432ebc4a96ac13303845197b3f2a2634cb21029f6?s=96&d=mm&r=g","url":"https:\/\/secure.gravatar.com\/avatar\/4b051168bd2ace843d503d3432ebc4a96ac13303845197b3f2a2634cb21029f6?s=96&d=mm&r=g","height":96,"width":96}},"publisher":{"@type":"Organization","name":"impulsiv-umkirch.de","logo":{"@type":"ImageObject","@id":"\/logo.png","url":"\/logo.png","width":600,"height":60}},"image":{"@type":"ImageObject","@id":"https:\/\/www.impulsiv-umkirch.de\/wp-content\/uploads\/img_a372347_w4380_t1583827920.jpg","url":"https:\/\/www.impulsiv-umkirch.de\/wp-content\/uploads\/img_a372347_w4380_t1583827920.jpg","height":0,"width":0},"keywords":null},{"@type":"Article","@id":"https:\/\/www.impulsiv-umkirch.de\/lebendige-tone\/","headline":"Lebendige T\u00f6ne","url":"https:\/\/www.impulsiv-umkirch.de\/lebendige-tone\/","datePublished":"2022-10-07","dateModified":"2022-10-07","mainEntityOfPage":"https:\/\/www.impulsiv-umkirch.de\/lebendige-tone\/","author":{"@type":"Person","@id":"https:\/\/www.impulsiv-umkirch.de\/author\/#Person","name":"","url":"https:\/\/www.impulsiv-umkirch.de\/author\/","identifier":1,"image":{"@type":"ImageObject","@id":"https:\/\/secure.gravatar.com\/avatar\/4b051168bd2ace843d503d3432ebc4a96ac13303845197b3f2a2634cb21029f6?s=96&d=mm&r=g","url":"https:\/\/secure.gravatar.com\/avatar\/4b051168bd2ace843d503d3432ebc4a96ac13303845197b3f2a2634cb21029f6?s=96&d=mm&r=g","height":96,"width":96}},"publisher":{"@type":"Organization","name":"impulsiv-umkirch.de","logo":{"@type":"ImageObject","@id":"\/logo.png","url":"\/logo.png","width":600,"height":60}},"image":{"@type":"ImageObject","@id":"https:\/\/www.impulsiv-umkirch.de\/wp-content\/uploads\/img_a324262_w2024_t1536062870.jpg","url":"https:\/\/www.impulsiv-umkirch.de\/wp-content\/uploads\/img_a324262_w2024_t1536062870.jpg","height":0,"width":0},"keywords":null}]}