[{"@context":"https:\/\/schema.org\/","@type":"Article","@id":"https:\/\/www.impulsiv-umkirch.de\/investition-der-ppf-gruppe\/#Article","mainEntityOfPage":"https:\/\/www.impulsiv-umkirch.de\/investition-der-ppf-gruppe\/","headline":"Investition der PPF-Gruppe","name":"Investition der PPF-Gruppe","description":"1991 gr\u00fcndeten Petr Kellner und seine Freunde ein Unternehmen mit dem Namen \\&#8217;Management of the First Privatisation Fund\\&#8216;. Durch verschiedene Aktivit\u00e4ten ist das Unternehmenentstanden, und aus ein paar Kronen und <a class=\"more-link\" href=\"https:\/\/www.impulsiv-umkirch.de\/investition-der-ppf-gruppe\/\">[ . . . ]<\/a>","datePublished":"2021-06-07","dateModified":"2021-06-07","author":{"@type":"Person","@id":"https:\/\/www.impulsiv-umkirch.de\/author\/#Person","name":"","url":"https:\/\/www.impulsiv-umkirch.de\/author\/","identifier":1,"image":{"@type":"ImageObject","@id":"https:\/\/secure.gravatar.com\/avatar\/4b051168bd2ace843d503d3432ebc4a96ac13303845197b3f2a2634cb21029f6?s=96&d=mm&r=g","url":"https:\/\/secure.gravatar.com\/avatar\/4b051168bd2ace843d503d3432ebc4a96ac13303845197b3f2a2634cb21029f6?s=96&d=mm&r=g","height":96,"width":96}},"publisher":{"@type":"Organization","name":"impulsiv-umkirch.de","logo":{"@type":"ImageObject","@id":"\/logo.png","url":"\/logo.png","width":600,"height":60}},"image":{"@type":"ImageObject","@id":"https:\/\/www.impulsiv-umkirch.de\/wp-content\/uploads\/img_a355607_w3719_t1569770997.jpg","url":"https:\/\/www.impulsiv-umkirch.de\/wp-content\/uploads\/img_a355607_w3719_t1569770997.jpg","height":0,"width":0},"url":"https:\/\/www.impulsiv-umkirch.de\/investition-der-ppf-gruppe\/","about":["Gesch\u00e4ft"],"wordCount":364,"articleBody":"1991 gr\u00fcndeten Petr Kellner und seine Freunde ein Unternehmen mit dem Namen \\&#8217;Management of the First Privatisation Fund\\&#8216;. Durch verschiedene Aktivit\u00e4ten ist das Unternehmenentstanden, und aus ein paar Kronen und einer Idee ist heute ein Verm\u00f6gen von 38 Milliarden Euro geworden.Die Gruppe hatte eine Muttergesellschaft, Best Sport, und sie alle waren ma\u00dfgeblich am Bau der kleineren O2 Arena beteiligt. Die Arena wurde also auf dem Gel\u00e4nde gebaut, auf dem die Trainingseinrichtungen untergebracht werden sollten.Werfen wir einen kurzen Blick darauf, wie die neue Halle aussieht.Sie ist das Werk des Architekten Martin Vokaty, der irgendwie die Anforderungen der Athleten verga\u00df und eine zu niedrige Decke erfand. Die Decke ist nur 13 Meter hoch und wird daher nicht f\u00fcr offizielle Turnwettk\u00e4mpfe genutzt. Das ist sehr schade. Das hindert jedoch nicht daran, hier Konzerte zu veranstalten, und ein weiteres Konzert ist in Vorbereitung. Der Saal wird von der Band Kabat&#8222;besucht&#8220;. Der Saal bietet Platz f\u00fcr 4,5 000 Zuschauer. Es gibt jedoch auch andere S\u00e4le, die die gleiche Anzahl von Menschen aufnehmen k\u00f6nnen.Die Kritiker haben diesen Saal verschont. Sie verweisen zum Beispiel auf das Fehlen von Getr\u00e4nkehaltern und werfen dem Saal eine gewisse Strenge vor.Der Direktor, Josef Schaffer, bestreitet dies. Er erkl\u00e4rte, dass es keinen Sinn mache, den Innenraum zu dekorieren, da das gesamte Geb\u00e4ude in erster Linie f\u00fcr verschiedene Veranstaltungen vermietet werden solle. Dies sei allein Sache der Organisatoren, die sich selbst darum k\u00fcmmern m\u00fcssten. Der Mann verriet auchdie H\u00f6he der Investitionenund deren Rentabilit\u00e4t. Das w\u00fcrde fr\u00fchestens in 16 Jahren der Fall sein, sagte er.Es gibt jedoch keinen Grund, dar\u00fcber entt\u00e4uscht zu sein, denn die PPF-Gruppe verf\u00fcgt \u00fcber gen\u00fcgend andere Mittel und andere rentable Investitionen.So baut sie beispielsweise in unmittelbarer N\u00e4he der O2-Arena ein weiteres Vier-Sterne-Hotel. Mit 300 Zimmern ist es keineswegs klein. \u00dcbrigens befindet sich in der N\u00e4he auch ein Geb\u00e4ude f\u00fcr plastische Chirurgie, das von ausl\u00e4ndischen Kunden frequentiert wird. Ist das nicht ein Zufall? Nein, nat\u00fcrlich nicht. Es ist also klar, dass sich das PPF keine Sorgen um seine Zukunft machen muss.                                                                                                                                                                                                                                                                                                                                                                                         4\/5 - (7 votes)        "},{"@context":"https:\/\/schema.org\/","@type":"BreadcrumbList","itemListElement":[{"@type":"ListItem","position":1,"name":"Investition der PPF-Gruppe","item":"https:\/\/www.impulsiv-umkirch.de\/investition-der-ppf-gruppe\/#breadcrumbitem"}]}]