[{"@context":"https:\/\/schema.org\/","@type":"Article","@id":"https:\/\/www.impulsiv-umkirch.de\/die-gesundheit-des-prasidenten-als-offentliche-gesundheit\/#Article","mainEntityOfPage":"https:\/\/www.impulsiv-umkirch.de\/die-gesundheit-des-prasidenten-als-offentliche-gesundheit\/","headline":"Die Gesundheit des Pr\u00e4sidenten als \u00f6ffentliche Gesundheit.","name":"Die Gesundheit des Pr\u00e4sidenten als \u00f6ffentliche Gesundheit.","description":"Milos Zeman ist seine letzte m\u00f6gliche Amtszeit als Pr\u00e4sident. Wir wissen mit Sicherheit, dass sein Mandat 2023-3 ausl\u00e4uft und dass der neue tschechische Pr\u00e4sident auf uns wartet. In den letzten <a class=\"more-link\" href=\"https:\/\/www.impulsiv-umkirch.de\/die-gesundheit-des-prasidenten-als-offentliche-gesundheit\/\">[ . . . ]<\/a>","datePublished":"2021-03-12","dateModified":"2021-03-12","author":{"@type":"Person","@id":"https:\/\/www.impulsiv-umkirch.de\/author\/#Person","name":"","url":"https:\/\/www.impulsiv-umkirch.de\/author\/","identifier":1,"image":{"@type":"ImageObject","@id":"https:\/\/secure.gravatar.com\/avatar\/4b051168bd2ace843d503d3432ebc4a96ac13303845197b3f2a2634cb21029f6?s=96&d=mm&r=g","url":"https:\/\/secure.gravatar.com\/avatar\/4b051168bd2ace843d503d3432ebc4a96ac13303845197b3f2a2634cb21029f6?s=96&d=mm&r=g","height":96,"width":96}},"publisher":{"@type":"Organization","name":"impulsiv-umkirch.de","logo":{"@type":"ImageObject","@id":"\/logo.png","url":"\/logo.png","width":600,"height":60}},"image":{"@type":"ImageObject","@id":"https:\/\/www.impulsiv-umkirch.de\/wp-content\/uploads\/img_a357501_w3905_t1572096679.png","url":"https:\/\/www.impulsiv-umkirch.de\/wp-content\/uploads\/img_a357501_w3905_t1572096679.png","height":0,"width":0},"url":"https:\/\/www.impulsiv-umkirch.de\/die-gesundheit-des-prasidenten-als-offentliche-gesundheit\/","about":["Politik"],"wordCount":373,"articleBody":"Milos Zeman ist seine letzte m\u00f6gliche Amtszeit als Pr\u00e4sident. Wir wissen mit Sicherheit, dass sein Mandat 2023-3 ausl\u00e4uft und dass der neue tschechische Pr\u00e4sident auf uns wartet. In den letzten Monaten wurde jedoch vermehrt \u00fcber den schlechten Gesundheitszustand des Staatsoberhauptes gesprochen.Was st\u00f6rt Sie Milos Zeman? In letzter Zeit sehen wir, dass sich sein Gesundheitszustand verschlechtert, dies schr\u00e4nkt ihn in der Aus\u00fcbung des Pr\u00e4sidentenamtes ein, er kann bei Staatsbesuchen nicht viel reisen, er spricht nicht so oft in Reden und insgesamt sehen wir, dass er nicht mehr so energisch ist wie zuvor. Er gab zu, dass sich sein Gesundheitszustand verschlechtert hatte. In einem seiner letzten Interviews sagte er, was ihn st\u00f6rte:*Hypotonie* Beinschmerzen, wenn keine regelm\u00e4\u00dfige Rehabilitation durchgef\u00fchrt wird-Schlechtes Geh\u00f6r usw.Dies sind offiziell anerkannte medizinische Komplikationen, und wir wissen nicht, was den Pr\u00e4sidenten sonst noch st\u00f6rt.Viele Menschen sollten umfassend dar\u00fcber informiert werden, was mit dem Staatsoberhaupt nicht stimmt, und selbst wenn es ihm gesundheitlich so schlecht geht, wird er wahrscheinlich von seinem Amt zur\u00fccktreten.Wir glauben nicht, Gesundheit ist das Private und sehr Pers\u00f6nliche eines jeden Menschen, und es ist nicht die Pflicht von Herrn Milos Zeman, sich dem ganzen Land, der ganzen Welt anzuvertrauen, obwohl er Pr\u00e4sident der Tschechischen Republik ist. Er ist ein sehr intelligenter Mann und wird, wenn n\u00f6tig, beiseite treten und sich sich selbst widmen.Wir sollten ein bisschen menschlicher sein, und wir sollten sagen, dass Gesundheit, Gl\u00fcck und Liebe wirklich die wichtigsten Dinge in unserem Leben sind, und wir sollten einander mit Respekt und Demut begegnen, auch wenn es um Politik und die politische Welt geht. Es spielt keine Rolle, wie weit wir sind, keine bekannten Pers\u00f6nlichkeiten, ob wir uns in der Politik engagieren oder vor wem wir jeden Tag stehen, aber niemand hat das Recht zu beleidigen, respektlos zu sein oder andere unangemessene Manifestationen.Die Tschechische Republik w\u00e4re ein besseres Land, nicht wenn wir einen vollkommen gesunden und wichtigen Pr\u00e4sidenten h\u00e4tten, sondern wenn wir alle zuerst anfangen w\u00fcrden, an uns selbst zu arbeiten, ob wir \u00c4rzte, Beamte, M\u00fcllm\u00e4nner, Lehrer, Arbeiter oder Staatsoberh\u00e4upter w\u00e4ren..                                                                                                                                                                                                                                                                                                                                                                                        5\/5 - (1 vote)        "},{"@context":"https:\/\/schema.org\/","@type":"BreadcrumbList","itemListElement":[{"@type":"ListItem","position":1,"name":"Die Gesundheit des Pr\u00e4sidenten als \u00f6ffentliche Gesundheit.","item":"https:\/\/www.impulsiv-umkirch.de\/die-gesundheit-des-prasidenten-als-offentliche-gesundheit\/#breadcrumbitem"}]}]