[{"@context":"https:\/\/schema.org\/","@type":"Article","@id":"https:\/\/www.impulsiv-umkirch.de\/die-ganze-werkstatt-in-1-koffer\/#Article","mainEntityOfPage":"https:\/\/www.impulsiv-umkirch.de\/die-ganze-werkstatt-in-1-koffer\/","headline":"Die ganze Werkstatt in 1 Koffer","name":"Die ganze Werkstatt in 1 Koffer","description":"Alle Werkzeuge sollten an 1 Ort aufbewahrt werden, um genau zu wissen, wo sie bei Bedarf suchen m\u00fcssen. Es ist sehr praktisch f\u00fcr diesen ZweckKunststoffkoffer mit Fach, um die \u00dcbersichtlichkeit <a class=\"more-link\" href=\"https:\/\/www.impulsiv-umkirch.de\/die-ganze-werkstatt-in-1-koffer\/\">[ . . . ]<\/a>","datePublished":"2023-07-23","dateModified":"2023-07-23","author":{"@type":"Person","@id":"https:\/\/www.impulsiv-umkirch.de\/author\/#Person","name":"","url":"https:\/\/www.impulsiv-umkirch.de\/author\/","identifier":1,"image":{"@type":"ImageObject","@id":"https:\/\/secure.gravatar.com\/avatar\/4b051168bd2ace843d503d3432ebc4a96ac13303845197b3f2a2634cb21029f6?s=96&d=mm&r=g","url":"https:\/\/secure.gravatar.com\/avatar\/4b051168bd2ace843d503d3432ebc4a96ac13303845197b3f2a2634cb21029f6?s=96&d=mm&r=g","height":96,"width":96}},"publisher":{"@type":"Organization","name":"impulsiv-umkirch.de","logo":{"@type":"ImageObject","@id":"\/logo.png","url":"\/logo.png","width":600,"height":60}},"image":{"@type":"ImageObject","@id":"https:\/\/www.impulsiv-umkirch.de\/wp-content\/uploads\/img_a300877_w2026_t1510913429.png","url":"https:\/\/www.impulsiv-umkirch.de\/wp-content\/uploads\/img_a300877_w2026_t1510913429.png","height":0,"width":0},"url":"https:\/\/www.impulsiv-umkirch.de\/die-ganze-werkstatt-in-1-koffer\/","about":["Hobby"],"wordCount":237,"articleBody":"Alle Werkzeuge sollten an 1 Ort aufbewahrt werden, um genau zu wissen, wo sie bei Bedarf suchen m\u00fcssen. Es ist sehr praktisch f\u00fcr diesen ZweckKunststoffkoffer mit Fach, um die \u00dcbersichtlichkeit des Werkzeugs zu gew\u00e4hrleisten. Was ist in so einem Koffer?\u00b7 KleinerHammer&#8211; Sollte leichter sein, wir h\u00e4mmern ihn mit beliebigen D\u00fcbeln, N\u00e4geln oder Klammern* Qualit\u00e4tKombinierer   \u2013*SeitenteilerKann f\u00fcr Feinarbeiten verwendet werden, z. B. zum Freilegen des Kabelendes*Klappmesser1 Meter L\u00e4nge\u00b7 SchubladenZum Beispiel zum genauen Messen von Schrauben und \/oder Rohren, [27\u00b7 * Flache GanzmetallWinkelstangenk\u00f6nnen beim Schneiden von Glas mit Diamanten aus einem St\u00fcck verwendet werden [30\u00b7 * IntegrierteWasserwaage, L\u00f6sungsger\u00e4te oder Regale\u00b7SchneiderZum Schneiden von Pappe, Teppich, Seil oder Leder aus Kunststoff mit Brechklinge, Schneidschnur oder Schneiden durch Styropor*Tischlerklemme\u00b7 Feilen mittlerer Rauheit, halbkreisf\u00f6rmige oder dreieckige Form, flache oder halbkreisf\u00f6rmige Form\u00b7 Kettens\u00e4ge, Der Koffer passt aufMiniS\u00e4gen und reicht f\u00fcr kleine Aufgaben wie das Schneiden von Kunststoff- oder Holzlatten.  Ersatzblatt nicht vergessen\u00b7 S\u00e4ge f\u00fcr HolzSt\u00e4rkere Bl\u00e4tter, mittlere Z\u00e4hne und Protektor\u00b7BohrerIm Koffer aufbewahrt,Set f\u00fcr Eisen, Holz und Wand. Hinzuf\u00fcgenUndAhle des Tischlers\u00b7 Ratschenschraubendreher zum Anziehen von Muttern\u00b7Herk\u00f6mmliche Schraubendreher unterschiedlicher Art und Gr\u00f6\u00dfeundFlachschl\u00fcssel unterschiedlicher Gr\u00f6\u00dfe\u00b7Sikowski\u00b7 Aktentaschen mit Grundausstattung in verschiedenen Gr\u00f6\u00dfenk\u00f6nnen ebenfalls erworben werden. Aber lassen Sie unsdie Qualit\u00e4t seines Inhalts\u00fcberpr\u00fcfen und uns nicht allein vom Preis leiten lassen.                                                                                                                                                                                                                                                                                                                                                                                        4.7\/5 - (7 votes)        "},{"@context":"https:\/\/schema.org\/","@type":"BreadcrumbList","itemListElement":[{"@type":"ListItem","position":1,"name":"Die ganze Werkstatt in 1 Koffer","item":"https:\/\/www.impulsiv-umkirch.de\/die-ganze-werkstatt-in-1-koffer\/#breadcrumbitem"}]}]