[{"@context":"https:\/\/schema.org\/","@type":"Article","@id":"https:\/\/www.impulsiv-umkirch.de\/der-euro-hat-die-migrantenkrise-verscharft\/#Article","mainEntityOfPage":"https:\/\/www.impulsiv-umkirch.de\/der-euro-hat-die-migrantenkrise-verscharft\/","headline":"Der Euro hat die Migrantenkrise versch\u00e4rft","name":"Der Euro hat die Migrantenkrise versch\u00e4rft","description":"Seit den sp\u00e4ten 1990er Jahren ist die Staatsf\u00fchrung der s\u00fcdeurop\u00e4ischen L\u00e4nder unkontrolliert verschlechtert. Undder Euro ist daran schuld. Die Verschlimmerung der Migrantenkrise ist auch auf den Euro zur\u00fcckzuf\u00fchren. Griechenland und <a class=\"more-link\" href=\"https:\/\/www.impulsiv-umkirch.de\/der-euro-hat-die-migrantenkrise-verscharft\/\">[ . . . ]<\/a>","datePublished":"2023-11-16","dateModified":"2023-11-16","author":{"@type":"Person","@id":"https:\/\/www.impulsiv-umkirch.de\/author\/#Person","name":"","url":"https:\/\/www.impulsiv-umkirch.de\/author\/","identifier":1,"image":{"@type":"ImageObject","@id":"https:\/\/secure.gravatar.com\/avatar\/4b051168bd2ace843d503d3432ebc4a96ac13303845197b3f2a2634cb21029f6?s=96&d=mm&r=g","url":"https:\/\/secure.gravatar.com\/avatar\/4b051168bd2ace843d503d3432ebc4a96ac13303845197b3f2a2634cb21029f6?s=96&d=mm&r=g","height":96,"width":96}},"publisher":{"@type":"Organization","name":"impulsiv-umkirch.de","logo":{"@type":"ImageObject","@id":"\/logo.png","url":"\/logo.png","width":600,"height":60}},"image":{"@type":"ImageObject","@id":"https:\/\/www.impulsiv-umkirch.de\/wp-content\/uploads\/img_a292019_w2013_t1504208215.jpg","url":"https:\/\/www.impulsiv-umkirch.de\/wp-content\/uploads\/img_a292019_w2013_t1504208215.jpg","height":0,"width":0},"url":"https:\/\/www.impulsiv-umkirch.de\/der-euro-hat-die-migrantenkrise-verscharft\/","about":["Wirtschaft"],"wordCount":425,"articleBody":"Seit den sp\u00e4ten 1990er Jahren ist die Staatsf\u00fchrung der s\u00fcdeurop\u00e4ischen L\u00e4nder unkontrolliert verschlechtert. Undder Euro ist daran schuld. Die Verschlimmerung der Migrantenkrise ist auch auf den Euro zur\u00fcckzuf\u00fchren. Griechenland und Italien waren nicht bereit, die gemeinsame W\u00e4hrung einzuf\u00fchren. Der Zustrom von so genanntem &#8222;billigem Geld&#8220; f\u00fchrte dort zu einem Verfall des Rechtssystems, der Qualit\u00e4t der \u00f6ffentlichen Finanzen oder der Korruptionsbek\u00e4mpfung. Leider hat sich dieser soziale Abstieg auch negativ auf die Migrationskrise ausgewirkt.Die britische Zeitung Gaurdian bezeichnet die Fl\u00fcchtlingskrise auf griechischer Seite sogar als &#8222;verwirrend&#8222;. Dar\u00fcber hinaus hat die EU seit 2015 fast 18 Milliarden SEK in den griechischen Haushalt gesteckt, um die humanit\u00e4re Krise zu unterst\u00fctzen, was nach ihren Berechnungen 300.000 SEK pro Fl\u00fcchtling entspricht. Es ist eine Tatsache, dass diese Mittel haupts\u00e4chlich \u00fcber internationale humanit\u00e4re Organisationen geleitet werden, wobei die griechische Regierung bei vielen der finanzierten Projekte als Veto-Koordinator fungiert. Die mangelnde Koordinierung zwischen der griechischen Regierung und den humanit\u00e4ren Organisationen macht diese T\u00e4tigkeit teurer und komplexer.Es darf jedoch nicht vergessen werden, dass die griechische Regierung im Jahr 2015 zumindest in der ersten Jahresh\u00e4lfte durch die ausufernde Schuldenkrisestark beeintr\u00e4chtigt war. Leider hat die regierende Syriza-Partei zu dieser Haltung beigetragen. Diese Tatsache zu \u00fcbersehen ist ebenso unentschuldbar wie die seit langem bestehende Korruption im \u00f6ffentlichen Dienst.Lassen Sie uns nicht nur die griechische Seite in ein schlechtes Licht r\u00fccken Ein zweiter gro\u00dfer Migrantenstrom bewegt sich durch Italien. In einer k\u00fcrzlich ver\u00f6ffentlichten Studie stellt der franz\u00f6sische WirtschaftswissenschaftlerEduard Charfest, dass die Qualit\u00e4t der \u00f6ffentlichen Verwaltung auch in Portugal und Spanien abnimmt. Er nennt dies&#8222;den institutionellen Niedergang S\u00fcdeuropas&#8220;.Dieser Niedergang kann als R\u00fcckgang der Korruptionsbek\u00e4mpfung und der Leistungsf\u00e4higkeit der staatlichen Institutionen gesehen werden, was zu einem R\u00fcckgang der Produktivit\u00e4t in der s\u00fcdlichen Eurozone f\u00fchrt. Dies hat besonders verheerende Auswirkungen auf den Lebensstandard der j\u00fcngeren Generation, die einen niedrigeren Lebensstandard als ihre Eltern hat. Dieser Effekt kann junge Menschenzu linksextremen politischen Gruppen wie Syrizaf\u00fchren. FazitDie Forschung zeigt, dass die Einheitsw\u00e4hrung Euro die Ursache f\u00fcr die wirtschaftliche Degeneration der s\u00fcdlichen Eurozone ist. Nach der Einf\u00fchrung des Euro wurden Italien und Griechenland mit Deutschland gleichgesetzt. Dadurch gewannen die s\u00fcdlichen L\u00e4nder der Eurozone das Vertrauen der Investoren. Die Investitionsstr\u00f6me f\u00fchrten logischerweise zu niedrigeren Zinss\u00e4tzen. Spanien hatte beispielsweise einen Vorteil gegen\u00fcber Deutschland, als die Zinss\u00e4tze im Jahr 2005 ein Minus von 1 % erreichten.                                                                                                                                                                                                                                                                                                                                                                                        3.7\/5 - (4 votes)        "},{"@context":"https:\/\/schema.org\/","@type":"BreadcrumbList","itemListElement":[{"@type":"ListItem","position":1,"name":"Der Euro hat die Migrantenkrise versch\u00e4rft","item":"https:\/\/www.impulsiv-umkirch.de\/der-euro-hat-die-migrantenkrise-verscharft\/#breadcrumbitem"}]}]