[{"@context":"https:\/\/schema.org\/","@type":"Article","@id":"https:\/\/www.impulsiv-umkirch.de\/30-jahre-freiheit\/#Article","mainEntityOfPage":"https:\/\/www.impulsiv-umkirch.de\/30-jahre-freiheit\/","headline":"30 Jahre Freiheit","name":"30 Jahre Freiheit","description":"Der Gro\u00dfteil der Bev\u00f6lkerung wei\u00df nicht, woran der 17. November erinnert. F\u00fcr die Sch\u00fcler ist es ein Tag der Ruhe und der Freude dar\u00fcber, nicht zur Schule gehen zu m\u00fcssen, <a class=\"more-link\" href=\"https:\/\/www.impulsiv-umkirch.de\/30-jahre-freiheit\/\">[ . . . ]<\/a>","datePublished":"2022-03-27","dateModified":"2022-03-27","author":{"@type":"Person","@id":"https:\/\/www.impulsiv-umkirch.de\/author\/#Person","name":"","url":"https:\/\/www.impulsiv-umkirch.de\/author\/","identifier":1,"image":{"@type":"ImageObject","@id":"https:\/\/secure.gravatar.com\/avatar\/4b051168bd2ace843d503d3432ebc4a96ac13303845197b3f2a2634cb21029f6?s=96&d=mm&r=g","url":"https:\/\/secure.gravatar.com\/avatar\/4b051168bd2ace843d503d3432ebc4a96ac13303845197b3f2a2634cb21029f6?s=96&d=mm&r=g","height":96,"width":96}},"publisher":{"@type":"Organization","name":"impulsiv-umkirch.de","logo":{"@type":"ImageObject","@id":"\/logo.png","url":"\/logo.png","width":600,"height":60}},"image":{"@type":"ImageObject","@id":"https:\/\/www.impulsiv-umkirch.de\/wp-content\/uploads\/img_a359336_w3902_t1573328673.jpg","url":"https:\/\/www.impulsiv-umkirch.de\/wp-content\/uploads\/img_a359336_w3902_t1573328673.jpg","height":0,"width":0},"url":"https:\/\/www.impulsiv-umkirch.de\/30-jahre-freiheit\/","about":["Politik"],"wordCount":386,"articleBody":"Der Gro\u00dfteil der Bev\u00f6lkerung wei\u00df nicht, woran der 17. November erinnert. F\u00fcr die Sch\u00fcler ist es ein Tag der Ruhe und der Freude dar\u00fcber, nicht zur Schule gehen zu m\u00fcssen, und f\u00fcr die Arbeiter ist es ein Tag, an dem sie wieder zur Arbeit gehen. W\u00e4ren da nicht die &#8222;politischen&#8220; Veranstaltungen, mit denen der Jahrestag begangen wird, und das aktuelle politische Klima, h\u00e4tten viele den Tag dieses Jahr verpasst, da er auf einen Sonntag f\u00e4llt.F\u00fcr die unwissende j\u00fcngere Generation sei kurz daran erinnert, dass sich der Begriff Samtene Revolution auf die Zeit des politischen Wandels (November-Dezember 1989) bezieht, die zum Sturz des kommunistischen Regimes, zu den ersten freien Wahlen seit 40 Jahren und zur Einsetzung einer demokratischen Regierung f\u00fchrte.Die Feierlichkeiten und Gedenkfeiern werden spektakul\u00e4r sein. Wir wollen uns jedoch auf die gr\u00f6\u00dften Feiern konzentrieren, die einen politischen Charakter haben und sich gegen das derzeitige politische Klima richten werden.Eine der gr\u00f6\u00dften Veranstaltungen findet am 16. November, dem Vortag, in Letn\u00e1, Prag, statt. Ihr offizieller Name lautet Letn\u00e1 2 &#8211; wieder f\u00fcr die Demokratie, und hinter der Organisation steht die Gruppe Milion chvilek pro demokracii. Die Veranstaltung wird einen Tag sp\u00e4ter auch in kleineren St\u00e4dten stattfinden. Die Letna-Ebene wurde 2019 bereits einmal gef\u00fcllt. Die Veranstaltung steht im Zeichen des Kampfes f\u00fcr den R\u00fccktritt des derzeitigen Ministerpr\u00e4sidenten Andrej Babi\u0161 und wird diesmal \u00e4hnlich ablaufen. Es handelt sich nicht um eine Gedenkveranstaltung, sondern um eine reaktion\u00e4re Kundgebung gegen die politische Situation.Ein weiteres Gro\u00dfereignis, bei dem Menschenmassen erwartet werden, ist das &#8222;Konzert f\u00fcr die Zukunft&#8220; auf dem Wenzelsplatz. Den ganzen Abend \u00fcber und bis in die Nacht hinein werden Prominente Texte und Lieder vortragen. Dies ist eine traditionelle Veranstaltung, die aber in diesem Jahr anl\u00e4sslich des 30-j\u00e4hrigen Jubil\u00e4ums noch spektakul\u00e4rer wird.Wer sich nicht unter die Massen mischen oder sich an Ereignisse erinnern m\u00f6chte, an denen er vielleicht direkt beteiligt war, kann zu traditionellen Veranstaltungen gehen, wie z. B. dem Korzo in N\u00e1rodn\u00ed t\u0159\u00edda, einem Besuch in Albertov, Tee im Archiv, dem 1989 mit Freunden in Erinnerungen schwelgen, wie sie den Herbst 1989 erlebt haben. Sicher ist jedoch, dass das Fernsehen voll von Nachrichten und Informationen \u00fcber dieses Ereignis sein wird.                                                                                                                                                                                                                                                                                                                                                                                        4.7\/5 - (4 votes)        "},{"@context":"https:\/\/schema.org\/","@type":"BreadcrumbList","itemListElement":[{"@type":"ListItem","position":1,"name":"30 Jahre Freiheit","item":"https:\/\/www.impulsiv-umkirch.de\/30-jahre-freiheit\/#breadcrumbitem"}]}]